{"id":428,"date":"2023-07-13T23:23:19","date_gmt":"2023-07-14T04:23:19","guid":{"rendered":"https:\/\/exintarquitectura.com\/?p=428"},"modified":"2023-07-14T13:45:18","modified_gmt":"2023-07-14T18:45:18","slug":"ampliacion-del-edificio","status":"publish","type":"post","link":"https:\/\/exintarquitectura.com\/index.php\/2023\/07\/13\/ampliacion-del-edificio\/","title":{"rendered":"Ampliaci\u00f3n del edificio"},"content":{"rendered":"\n<div style=\"height:6px\" aria-hidden=\"true\" class=\"wp-block-spacer\"><\/div>\n\n\n\n<main class=\"wp-block-group is-layout-flow\" style=\"padding-top:0.5vw\">\n<h2 class=\"wp-block-heading has-text-align-center\" style=\"font-size:11vw;font-style:normal;font-weight:900;line-height:0.9\">\u201cSAP UNAL\u201d<\/h2>\n\n\n\n<div style=\"height:26px\" aria-hidden=\"true\" class=\"wp-block-spacer\"><\/div>\n\n\n\n<div class=\"wp-block-columns is-layout-flex wp-container-2\" style=\"border-width:4px\">\n<div class=\"wp-block-column is-layout-flow\">\n<div class=\"wp-block-cover is-light has-parallax is-repeated\" style=\"padding-top:60vh;padding-right:2vw;padding-bottom:0vh;padding-left:2vw;min-height:10vh\"><span aria-hidden=\"true\" class=\"wp-block-cover__background has-background-dim-0 has-background-dim\"><\/span><div role=\"img\" class=\"wp-block-cover__image-background wp-image-436 has-parallax is-repeated\" style=\"background-position:44% 50%;background-image:url(https:\/\/exintarquitectura.com\/wp-content\/uploads\/2023\/07\/02_7-Photo.jpg)\"><\/div><div class=\"wp-block-cover__inner-container\">\n<p class=\"has-text-align-left has-two-color has-text-color has-midsmall-font-size\" style=\"font-style:normal;font-weight:700;text-transform:uppercase\">VISTA EXTERIOR DEL PROYECTO<\/p>\n<\/div><\/div>\n<\/div>\n<\/div>\n\n\n\n<div style=\"height:20px\" aria-hidden=\"true\" class=\"wp-block-spacer\"><\/div>\n\n\n\n<div class=\"wp-block-columns is-layout-flex wp-container-5\">\n<div class=\"wp-block-column has-two-color has-one-background-color has-text-color has-background is-layout-flow\" style=\"padding-top:3vw;padding-right:2vw;padding-bottom:2vw;padding-left:2vw\">\n<p class=\"has-text-align-left has-small-font-size\">Presentamos nuestra propuesta de dise\u00f1o para la ampliaci\u00f3n del SAP UNAL en Bogot\u00e1. Proyecto de conexi\u00f3n urbano arquitect\u00f3nica, vinculando el eje del r\u00edo arzobispo con uno de los sectores de inter\u00e9s cultural m\u00e1s importantes de la ciudad. Este proyecto tendr\u00e1 como objetivo vincular el Servicio de atenci\u00f3n Psicol\u00f3gica con el bienestar cognitivo y emocional que se puede generar a trav\u00e9s de las artes, por medio de este se genera un programa para el centro art\u00edstico que se propone.<\/p>\n\n\n\n<div style=\"height:35px\" aria-hidden=\"true\" class=\"wp-block-spacer\"><\/div>\n\n\n\n<h4 class=\"wp-block-heading has-text-align-left\" style=\"margin-top:0px;margin-right:0px;margin-bottom:0px;margin-left:0px;text-transform:uppercase\">Bienestar cognitivo y emocional a trav\u00e9s de las artes &#8230;<\/h4>\n\n\n\n<div style=\"height:17px\" aria-hidden=\"true\" class=\"wp-block-spacer\"><\/div>\n\n\n\n<h3 class=\"wp-block-heading has-text-align-left has-bigger-font-size\" style=\"margin-top:0px;margin-right:0px;margin-bottom:0px;margin-left:0px;font-style:normal;font-weight:900;line-height:1.5\">\u00a1SAP UNAL!<\/h3>\n\n\n\n<p class=\"has-text-align-left\">Centro art\u00edstico.<\/p>\n<\/div>\n\n\n\n<div class=\"wp-block-column is-layout-flow\">\n<figure class=\"wp-block-image size-large\"><img decoding=\"async\" loading=\"lazy\" width=\"1024\" height=\"1024\" src=\"https:\/\/exintarquitectura.com\/wp-content\/uploads\/2023\/07\/WhatsApp-Image-2023-07-13-at-11.32.32-PM-1024x1024.jpeg\" alt=\"\" class=\"wp-image-437\" srcset=\"https:\/\/exintarquitectura.com\/wp-content\/uploads\/2023\/07\/WhatsApp-Image-2023-07-13-at-11.32.32-PM-1024x1024.jpeg 1024w, https:\/\/exintarquitectura.com\/wp-content\/uploads\/2023\/07\/WhatsApp-Image-2023-07-13-at-11.32.32-PM-300x300.jpeg 300w, https:\/\/exintarquitectura.com\/wp-content\/uploads\/2023\/07\/WhatsApp-Image-2023-07-13-at-11.32.32-PM-150x150.jpeg 150w, https:\/\/exintarquitectura.com\/wp-content\/uploads\/2023\/07\/WhatsApp-Image-2023-07-13-at-11.32.32-PM-768x768.jpeg 768w, https:\/\/exintarquitectura.com\/wp-content\/uploads\/2023\/07\/WhatsApp-Image-2023-07-13-at-11.32.32-PM-1536x1536.jpeg 1536w, https:\/\/exintarquitectura.com\/wp-content\/uploads\/2023\/07\/WhatsApp-Image-2023-07-13-at-11.32.32-PM-600x600.jpeg 600w, https:\/\/exintarquitectura.com\/wp-content\/uploads\/2023\/07\/WhatsApp-Image-2023-07-13-at-11.32.32-PM-100x100.jpeg 100w, https:\/\/exintarquitectura.com\/wp-content\/uploads\/2023\/07\/WhatsApp-Image-2023-07-13-at-11.32.32-PM.jpeg 1600w\" sizes=\"(max-width: 1024px) 100vw, 1024px\" \/><figcaption class=\"wp-element-caption\">DIBUJO DEL PROYECTO<\/figcaption><\/figure>\n<\/div>\n<\/div>\n\n\n\n<div style=\"height:20px\" aria-hidden=\"true\" class=\"wp-block-spacer\"><\/div>\n\n\n\n<div style=\"height:40px\" aria-hidden=\"true\" class=\"wp-block-spacer\"><\/div>\n\n\n\n<div class=\"wp-block-group is-content-justification-space-between is-nowrap is-layout-flex wp-container-6\">\n<h2 class=\"wp-block-heading has-midsmall-font-size\" style=\"text-transform:uppercase\">No dudes en contratar a un profesional<\/h2>\n<\/div>\n\n\n\n<div class=\"wp-block-columns is-layout-flex wp-container-10\">\n<div class=\"wp-block-column is-layout-flow\">\n<p class=\"has-text-align-left\">Somos un estudio de dise\u00f1o interdisciplinar, s\u00edguenos para conocer un poco sobre nuestro trabajo y los servicios que ofrecemos.<\/p>\n\n\n\n<h2 class=\"wp-block-heading has-midsmall-font-size\" style=\"text-transform:uppercase\">Click en el bot\u00f3n<\/h2>\n<\/div>\n\n\n\n<div class=\"wp-block-column is-vertically-aligned-bottom is-layout-flow\">\n<div class=\"wp-block-buttons is-horizontal is-content-justification-right is-layout-flex wp-container-8\">\n<div class=\"wp-block-button\"><a class=\"wp-block-button__link wp-element-button\" href=\"https:\/\/exintarquitectura.com\/index.php\/contacto\/\">Contacto<\/a><\/div>\n<\/div>\n<\/div>\n<\/div>\n\n\n\n<div style=\"height:8vh\" aria-hidden=\"true\" class=\"wp-block-spacer\"><\/div>\n\n\n\n<div class=\"wp-block-columns is-layout-flex wp-container-20\">\n<div class=\"wp-block-column is-layout-flow\">\n<div class=\"wp-block-columns is-layout-flex wp-container-12\" style=\"border-width:5px\">\n<div class=\"wp-block-column is-layout-flow\">\n<figure class=\"wp-block-image aligncenter size-full is-resized\"><img decoding=\"async\" loading=\"lazy\" src=\"https:\/\/exintarquitectura.com\/wp-content\/uploads\/2023\/07\/MEMORIAS_Mesa-de-trabajo-1-04-3-scaled.jpg\" alt=\"\" class=\"wp-image-449\" width=\"400\" height=\"400\" srcset=\"https:\/\/exintarquitectura.com\/wp-content\/uploads\/2023\/07\/MEMORIAS_Mesa-de-trabajo-1-04-3-scaled.jpg 2560w, https:\/\/exintarquitectura.com\/wp-content\/uploads\/2023\/07\/MEMORIAS_Mesa-de-trabajo-1-04-3-300x300.jpg 300w, https:\/\/exintarquitectura.com\/wp-content\/uploads\/2023\/07\/MEMORIAS_Mesa-de-trabajo-1-04-3-1024x1024.jpg 1024w, https:\/\/exintarquitectura.com\/wp-content\/uploads\/2023\/07\/MEMORIAS_Mesa-de-trabajo-1-04-3-150x150.jpg 150w, https:\/\/exintarquitectura.com\/wp-content\/uploads\/2023\/07\/MEMORIAS_Mesa-de-trabajo-1-04-3-768x768.jpg 768w, https:\/\/exintarquitectura.com\/wp-content\/uploads\/2023\/07\/MEMORIAS_Mesa-de-trabajo-1-04-3-1536x1536.jpg 1536w, https:\/\/exintarquitectura.com\/wp-content\/uploads\/2023\/07\/MEMORIAS_Mesa-de-trabajo-1-04-3-2048x2048.jpg 2048w, https:\/\/exintarquitectura.com\/wp-content\/uploads\/2023\/07\/MEMORIAS_Mesa-de-trabajo-1-04-3-600x600.jpg 600w, https:\/\/exintarquitectura.com\/wp-content\/uploads\/2023\/07\/MEMORIAS_Mesa-de-trabajo-1-04-3-100x100.jpg 100w\" sizes=\"(max-width: 400px) 100vw, 400px\" \/><\/figure>\n<\/div>\n<\/div>\n<\/div>\n\n\n\n<div class=\"wp-block-column is-layout-flow\">\n<div class=\"wp-block-columns is-layout-flex wp-container-15\" style=\"border-width:5px\">\n<div class=\"wp-block-column is-layout-flow\">\n<figure class=\"wp-block-image aligncenter size-large is-resized\"><img decoding=\"async\" loading=\"lazy\" src=\"https:\/\/exintarquitectura.com\/wp-content\/uploads\/2023\/07\/MEMORIAS_Mesa-de-trabajo-1-01-4-1024x1024.jpg\" alt=\"\" class=\"wp-image-450\" width=\"400\" height=\"400\" srcset=\"https:\/\/exintarquitectura.com\/wp-content\/uploads\/2023\/07\/MEMORIAS_Mesa-de-trabajo-1-01-4-1024x1024.jpg 1024w, https:\/\/exintarquitectura.com\/wp-content\/uploads\/2023\/07\/MEMORIAS_Mesa-de-trabajo-1-01-4-300x300.jpg 300w, https:\/\/exintarquitectura.com\/wp-content\/uploads\/2023\/07\/MEMORIAS_Mesa-de-trabajo-1-01-4-150x150.jpg 150w, https:\/\/exintarquitectura.com\/wp-content\/uploads\/2023\/07\/MEMORIAS_Mesa-de-trabajo-1-01-4-768x768.jpg 768w, https:\/\/exintarquitectura.com\/wp-content\/uploads\/2023\/07\/MEMORIAS_Mesa-de-trabajo-1-01-4-1536x1536.jpg 1536w, https:\/\/exintarquitectura.com\/wp-content\/uploads\/2023\/07\/MEMORIAS_Mesa-de-trabajo-1-01-4-2048x2048.jpg 2048w, https:\/\/exintarquitectura.com\/wp-content\/uploads\/2023\/07\/MEMORIAS_Mesa-de-trabajo-1-01-4-600x600.jpg 600w, https:\/\/exintarquitectura.com\/wp-content\/uploads\/2023\/07\/MEMORIAS_Mesa-de-trabajo-1-01-4-100x100.jpg 100w\" sizes=\"(max-width: 400px) 100vw, 400px\" \/><\/figure>\n<\/div>\n<\/div>\n<\/div>\n\n\n\n<div class=\"wp-block-column is-layout-flow\">\n<div class=\"wp-block-columns is-layout-flex wp-container-18\" style=\"border-width:5px\">\n<div class=\"wp-block-column is-layout-flow\">\n<figure class=\"wp-block-image aligncenter size-full is-resized\"><img decoding=\"async\" loading=\"lazy\" src=\"https:\/\/exintarquitectura.com\/wp-content\/uploads\/2023\/07\/MEMORIAS_Mesa-de-trabajo-1-03-1-scaled.jpg\" alt=\"\" class=\"wp-image-445\" width=\"400\" height=\"400\" srcset=\"https:\/\/exintarquitectura.com\/wp-content\/uploads\/2023\/07\/MEMORIAS_Mesa-de-trabajo-1-03-1-scaled.jpg 2560w, https:\/\/exintarquitectura.com\/wp-content\/uploads\/2023\/07\/MEMORIAS_Mesa-de-trabajo-1-03-1-300x300.jpg 300w, https:\/\/exintarquitectura.com\/wp-content\/uploads\/2023\/07\/MEMORIAS_Mesa-de-trabajo-1-03-1-1024x1024.jpg 1024w, https:\/\/exintarquitectura.com\/wp-content\/uploads\/2023\/07\/MEMORIAS_Mesa-de-trabajo-1-03-1-150x150.jpg 150w, https:\/\/exintarquitectura.com\/wp-content\/uploads\/2023\/07\/MEMORIAS_Mesa-de-trabajo-1-03-1-768x768.jpg 768w, https:\/\/exintarquitectura.com\/wp-content\/uploads\/2023\/07\/MEMORIAS_Mesa-de-trabajo-1-03-1-1536x1536.jpg 1536w, https:\/\/exintarquitectura.com\/wp-content\/uploads\/2023\/07\/MEMORIAS_Mesa-de-trabajo-1-03-1-2048x2048.jpg 2048w, https:\/\/exintarquitectura.com\/wp-content\/uploads\/2023\/07\/MEMORIAS_Mesa-de-trabajo-1-03-1-600x600.jpg 600w, https:\/\/exintarquitectura.com\/wp-content\/uploads\/2023\/07\/MEMORIAS_Mesa-de-trabajo-1-03-1-100x100.jpg 100w\" sizes=\"(max-width: 400px) 100vw, 400px\" \/><\/figure>\n<\/div>\n<\/div>\n<\/div>\n<\/div>\n\n\n\n<div class=\"wp-block-group is-content-justification-space-between is-nowrap is-layout-flex wp-container-21\">\n<h2 class=\"wp-block-heading has-midsmall-font-size\" style=\"text-transform:uppercase\">MEMORIAS deL PROYECTO<\/h2>\n<\/div>\n\n\n\n<div style=\"height:8vh\" aria-hidden=\"true\" class=\"wp-block-spacer\"><\/div>\n\n\n\n<div class=\"wp-block-media-text alignwide is-stacked-on-mobile has-two-color has-one-background-color has-text-color has-background\" style=\"margin-top:0;margin-right:0;margin-bottom:0;margin-left:0;padding-top:var(--wp--preset--spacing--50);padding-right:var(--wp--preset--spacing--50);padding-bottom:var(--wp--preset--spacing--50);padding-left:var(--wp--preset--spacing--50)\"><figure class=\"wp-block-media-text__media\"><img decoding=\"async\" loading=\"lazy\" width=\"1024\" height=\"1019\" src=\"https:\/\/exintarquitectura.com\/wp-content\/uploads\/2023\/07\/01-Plano-de-planta-PLANTA-NIVEL-1-1-1024x1019.jpg\" alt=\"\" class=\"wp-image-463 size-large\" srcset=\"https:\/\/exintarquitectura.com\/wp-content\/uploads\/2023\/07\/01-Plano-de-planta-PLANTA-NIVEL-1-1-1024x1019.jpg 1024w, https:\/\/exintarquitectura.com\/wp-content\/uploads\/2023\/07\/01-Plano-de-planta-PLANTA-NIVEL-1-1-300x300.jpg 300w, https:\/\/exintarquitectura.com\/wp-content\/uploads\/2023\/07\/01-Plano-de-planta-PLANTA-NIVEL-1-1-150x150.jpg 150w, https:\/\/exintarquitectura.com\/wp-content\/uploads\/2023\/07\/01-Plano-de-planta-PLANTA-NIVEL-1-1-768x764.jpg 768w, https:\/\/exintarquitectura.com\/wp-content\/uploads\/2023\/07\/01-Plano-de-planta-PLANTA-NIVEL-1-1-1536x1529.jpg 1536w, https:\/\/exintarquitectura.com\/wp-content\/uploads\/2023\/07\/01-Plano-de-planta-PLANTA-NIVEL-1-1-2048x2039.jpg 2048w, https:\/\/exintarquitectura.com\/wp-content\/uploads\/2023\/07\/01-Plano-de-planta-PLANTA-NIVEL-1-1-600x597.jpg 600w, https:\/\/exintarquitectura.com\/wp-content\/uploads\/2023\/07\/01-Plano-de-planta-PLANTA-NIVEL-1-1-100x100.jpg 100w\" sizes=\"(max-width: 1024px) 100vw, 1024px\" \/><\/figure><div class=\"wp-block-media-text__content\">\n<h2 class=\"wp-block-heading has-text-align-center has-bigger-font-size\">\u00a1Dise\u00f1o Arquitect\u00f3nico para el correcto uso del espacio!<\/h2>\n<\/div><\/div>\n<\/main>\n\n\n\n<div style=\"height:70px\" aria-hidden=\"true\" class=\"wp-block-spacer\"><\/div>\n\n\n\n<figure class=\"wp-block-image alignwide size-full\"><img decoding=\"async\" loading=\"lazy\" width=\"1920\" height=\"1080\" src=\"https:\/\/exintarquitectura.com\/wp-content\/uploads\/2023\/07\/02_2-Photo.jpg\" alt=\"\" class=\"wp-image-453\" srcset=\"https:\/\/exintarquitectura.com\/wp-content\/uploads\/2023\/07\/02_2-Photo.jpg 1920w, https:\/\/exintarquitectura.com\/wp-content\/uploads\/2023\/07\/02_2-Photo-300x169.jpg 300w, https:\/\/exintarquitectura.com\/wp-content\/uploads\/2023\/07\/02_2-Photo-1024x576.jpg 1024w, https:\/\/exintarquitectura.com\/wp-content\/uploads\/2023\/07\/02_2-Photo-768x432.jpg 768w, https:\/\/exintarquitectura.com\/wp-content\/uploads\/2023\/07\/02_2-Photo-1536x864.jpg 1536w, https:\/\/exintarquitectura.com\/wp-content\/uploads\/2023\/07\/02_2-Photo-600x338.jpg 600w\" sizes=\"(max-width: 1920px) 100vw, 1920px\" \/><figcaption class=\"wp-element-caption\">HALL DEL PROYECTO<\/figcaption><\/figure>\n\n\n\n<figure class=\"wp-block-image alignwide size-full\"><img decoding=\"async\" loading=\"lazy\" width=\"1920\" height=\"1080\" src=\"https:\/\/exintarquitectura.com\/wp-content\/uploads\/2023\/07\/02_9-Photo-1.jpg\" alt=\"\" class=\"wp-image-464\" srcset=\"https:\/\/exintarquitectura.com\/wp-content\/uploads\/2023\/07\/02_9-Photo-1.jpg 1920w, https:\/\/exintarquitectura.com\/wp-content\/uploads\/2023\/07\/02_9-Photo-1-300x169.jpg 300w, https:\/\/exintarquitectura.com\/wp-content\/uploads\/2023\/07\/02_9-Photo-1-1024x576.jpg 1024w, https:\/\/exintarquitectura.com\/wp-content\/uploads\/2023\/07\/02_9-Photo-1-768x432.jpg 768w, https:\/\/exintarquitectura.com\/wp-content\/uploads\/2023\/07\/02_9-Photo-1-1536x864.jpg 1536w, https:\/\/exintarquitectura.com\/wp-content\/uploads\/2023\/07\/02_9-Photo-1-600x338.jpg 600w\" sizes=\"(max-width: 1920px) 100vw, 1920px\" \/><figcaption class=\"wp-element-caption\">CIRCULACI\u00d3N ACCESO AL PROYECTO<\/figcaption><\/figure>\n","protected":false},"excerpt":{"rendered":"<p>\u201cSAP UNAL\u201d Presentamos nuestra propuesta de dise\u00f1o para la ampliaci\u00f3n del SAP UNAL en Bogot\u00e1. Proyecto de conexi\u00f3n urbano arquitect\u00f3nica, vinculando el eje del r\u00edo arzobispo con uno de los sectores de inter\u00e9s cultural m\u00e1s importantes de la ciudad. Este proyecto tendr\u00e1 como objetivo vincular el Servicio de atenci\u00f3n Psicol\u00f3gica con el bienestar cognitivo y [&hellip;]<\/p>\n","protected":false},"author":1,"featured_media":0,"comment_status":"open","ping_status":"open","sticky":false,"template":"","format":"standard","meta":{"om_disable_all_campaigns":false,"_mi_skip_tracking":false,"_monsterinsights_sitenote_active":false,"_monsterinsights_sitenote_note":"","_monsterinsights_sitenote_category":0},"categories":[1],"tags":[],"aioseo_notices":[],"_links":{"self":[{"href":"https:\/\/exintarquitectura.com\/index.php\/wp-json\/wp\/v2\/posts\/428"}],"collection":[{"href":"https:\/\/exintarquitectura.com\/index.php\/wp-json\/wp\/v2\/posts"}],"about":[{"href":"https:\/\/exintarquitectura.com\/index.php\/wp-json\/wp\/v2\/types\/post"}],"author":[{"embeddable":true,"href":"https:\/\/exintarquitectura.com\/index.php\/wp-json\/wp\/v2\/users\/1"}],"replies":[{"embeddable":true,"href":"https:\/\/exintarquitectura.com\/index.php\/wp-json\/wp\/v2\/comments?post=428"}],"version-history":[{"count":10,"href":"https:\/\/exintarquitectura.com\/index.php\/wp-json\/wp\/v2\/posts\/428\/revisions"}],"predecessor-version":[{"id":603,"href":"https:\/\/exintarquitectura.com\/index.php\/wp-json\/wp\/v2\/posts\/428\/revisions\/603"}],"wp:attachment":[{"href":"https:\/\/exintarquitectura.com\/index.php\/wp-json\/wp\/v2\/media?parent=428"}],"wp:term":[{"taxonomy":"category","embeddable":true,"href":"https:\/\/exintarquitectura.com\/index.php\/wp-json\/wp\/v2\/categories?post=428"},{"taxonomy":"post_tag","embeddable":true,"href":"https:\/\/exintarquitectura.com\/index.php\/wp-json\/wp\/v2\/tags?post=428"}],"curies":[{"name":"wp","href":"https:\/\/api.w.org\/{rel}","templated":true}]}}